{"id":1667,"date":"2024-06-25T11:44:27","date_gmt":"2024-06-25T11:44:27","guid":{"rendered":"https:\/\/civicenergy.cat\/civic-energy-trabajara-el-eje-de-energia-de-la-comunalitat-urbana-de-9-barris\/"},"modified":"2024-07-15T09:36:58","modified_gmt":"2024-07-15T09:36:58","slug":"civic-energy-trabajara-el-eje-de-energia-de-la-comunalitat-urbana-de-9-barris","status":"publish","type":"post","link":"https:\/\/civicenergy.cat\/es\/civic-energy-trabajara-el-eje-de-energia-de-la-comunalitat-urbana-de-9-barris\/","title":{"rendered":"Civic Energy trabajar\u00e1 el eje de energ\u00eda de la Comunalitat Urbana de 9 Barris!"},"content":{"rendered":"\t\t<div data-elementor-type=\"wp-post\" data-elementor-id=\"1667\" class=\"elementor elementor-1667 elementor-1630\" data-elementor-post-type=\"post\">\n\t\t\t\t\t\t<section class=\"elementor-section elementor-top-section elementor-element elementor-element-5d59000 elementor-section-boxed elementor-section-height-default elementor-section-height-default\" data-id=\"5d59000\" data-element_type=\"section\">\n\t\t\t\t\t\t<div class=\"elementor-container elementor-column-gap-default\">\n\t\t\t\t\t<div class=\"elementor-column elementor-col-100 elementor-top-column elementor-element elementor-element-2124b0a\" data-id=\"2124b0a\" data-element_type=\"column\">\n\t\t\t<div class=\"elementor-widget-wrap elementor-element-populated\">\n\t\t\t\t\t\t<div class=\"elementor-element elementor-element-e14e856 elementor-widget elementor-widget-text-editor\" data-id=\"e14e856\" data-element_type=\"widget\" data-widget_type=\"text-editor.default\">\n\t\t\t\t<div class=\"elementor-widget-container\">\n\t\t\t\t\t\t\t\t\t<p>Las <strong><a href=\"https:\/\/comunalitats.cat\" target=\"_blank\" rel=\"noopener\">Comunalitats Urbanes<\/a><\/strong> son una iniciativa del Departamento de Empresa y Trabajo que tiene como objetivo fomentar una organizaci\u00f3n m\u00e1s justa de la econom\u00eda. Un programa con diferentes comunalidades en todo el territorio, integradas por empresas, entidades, cooperativas y diversas redes vecinales y de apoyo mutuo. El objetivo principal es crear nuevos proyectos econ\u00f3micos autogestionados que respondan a necesidades colectivas y contribuyan al desarrollo local, impulsando los bienes comunes y las iniciativas basadas en la cooperaci\u00f3n y el apoyo mutuo.<\/p>\n<p>En Civic Energy estamos muy contentas de poder anunciar que durante los pr\u00f3ximos dos a\u00f1os, formaremos parte de las entidades activadoras de la <strong>Comunalitat Urbana de Nou Barris<\/strong> en <strong>Barcelona<\/strong>. En este proyecto, lideraremos el eje de energ\u00eda, colaborando con la comunidad para fomentar la transici\u00f3n energ\u00e9tica y promover un distrito m\u00e1s sostenible. <\/p>\n<h4>Principales objetivos del eje de energ\u00eda de la Comunalidad Urbana de Nou Barris<\/h4>\n<ul>\n<li><strong>Informaci\u00f3n sobre Transici\u00f3n Energ\u00e9tica: <\/strong> Proporcionaremos informaci\u00f3n clara y accesible sobre la transici\u00f3n energ\u00e9tica, destacando la importancia de reducir las emisiones de carbono y adoptar fuentes de energ\u00eda renovables, as\u00ed como la gesti\u00f3n de estas de manera comunitaria. <\/li>\n<li><strong>Ahorro Energ\u00e9tico:<\/strong> Implementaremos diferentes actividades de difusi\u00f3n para concienciar sobre la importancia del ahorro energ\u00e9tico y ofreceremos consejos pr\u00e1cticos para la reducci\u00f3n del consumo energ\u00e9tico en los hogares y empresas del distrito.<\/li>\n<li><strong>Consolidaci\u00f3n de una Comunidad Energ\u00e9tica en Nou Barris: <\/strong> Acompa\u00f1aremos el proceso de consolidaci\u00f3n de la Comunidad Energ\u00e9tica de 9 Barris, fomentando la colaboraci\u00f3n entre los vecinos y las entidades locales para crear una red de producci\u00f3n y consumo de energ\u00eda sostenible de manera comunitaria.<\/li>\n<li><strong>Formaci\u00f3n para Futuros Agentes Energ\u00e9ticos:<\/strong> Desarrollaremos un programa de formaci\u00f3n para capacitar a futuros agentes energ\u00e9ticos, dot\u00e1ndolos de los conocimientos y habilidades necesarios para liderar y acompa\u00f1ar proyectos de energ\u00eda sostenible.<\/li>\n<\/ul>\n<div>\n<h4> <\/h4>\n<h4>\u00a1Haciendo Comunalidad, hacemos red!<\/h4>\n<\/div>\n\t\t\t\t\t\t\t\t<\/div>\n\t\t\t\t<\/div>\n\t\t\t\t<div class=\"elementor-element elementor-element-c551cbf elementor-widget elementor-widget-image\" data-id=\"c551cbf\" data-element_type=\"widget\" data-widget_type=\"image.default\">\n\t\t\t\t<div class=\"elementor-widget-container\">\n\t\t\t\t\t\t\t\t\t\t\t\t\t\t\t<img fetchpriority=\"high\" decoding=\"async\" width=\"800\" height=\"600\" src=\"https:\/\/civicenergy.cat\/wp-content\/uploads\/2024\/06\/CU9B-202426.png\" class=\"attachment-large size-large wp-image-1654\" alt=\"\" srcset=\"https:\/\/civicenergy.cat\/wp-content\/uploads\/2024\/06\/CU9B-202426.png 1024w, https:\/\/civicenergy.cat\/wp-content\/uploads\/2024\/06\/CU9B-202426-300x225.png 300w, https:\/\/civicenergy.cat\/wp-content\/uploads\/2024\/06\/CU9B-202426-768x576.png 768w\" sizes=\"(max-width: 800px) 100vw, 800px\" \/>\t\t\t\t\t\t\t\t\t\t\t\t\t\t\t<\/div>\n\t\t\t\t<\/div>\n\t\t\t\t<div class=\"elementor-element elementor-element-bac3c55 elementor-widget elementor-widget-text-editor\" data-id=\"bac3c55\" data-element_type=\"widget\" data-widget_type=\"text-editor.default\">\n\t\t\t\t<div class=\"elementor-widget-container\">\n\t\t\t\t\t\t\t\t\t<p><span style=\"font-family: var( --e-global-typography-text-font-family ), Sans-serif; font-size: 1rem;\">Esta Comunalidad est\u00e1 liderada por la <\/span><strong style=\"font-family: var( --e-global-typography-text-font-family ), Sans-serif; font-size: 1rem;\">Fundaci\u00f3n Pare Manel<\/strong> <span style=\"font-family: var( --e-global-typography-text-font-family ), Sans-serif; font-size: 1rem;\"> y formamos parte de ella entidades como el<\/span> <a style=\"font-family: var( --e-global-typography-text-font-family ), Sans-serif; font-size: 1rem;\" href=\"https:\/\/igop.uab.cat\/es\/\" target=\"_blank\" rel=\"noopener\"><strong>Instituto de Gobierno y Pol\u00edticas P\u00fablicas (IGOP),<\/strong><\/a> <strong style=\"font-family: var( --e-global-typography-text-font-family ), Sans-serif; font-size: 1rem;\"><a href=\"https:\/\/www.etichabitat.org\/ca\/etic_habitat\/\" target=\"_blank\" rel=\"noopener\">\u00c8ticH\u00e0bitat, <\/a> <a href=\"https:\/\/novact.org\" target=\"_blank\" rel=\"noopener\">NOVACT \u2013 Institut Internacional per l&#8217;Acci\u00f3 No Violenta.<\/a> la <a href=\"https:\/\/web.somdelbarri.es\" target=\"_blank\" rel=\"noopener\">Asociaci\u00f3n Som del Barri<\/a><\/strong> <span style=\"font-family: var( --e-global-typography-text-font-family ), Sans-serif; font-size: 1rem;\">y el apoyo de redes y entidades vecinales del distrito de Nou Barris.<\/span><\/p>\n<p>Frente a un mercado que a menudo no es capaz de satisfacer las necesidades de la poblaci\u00f3n con equidad y justicia, las comunalidades estamos comprometidas a impulsar una visi\u00f3n de la econom\u00eda que tenga como eje vertebrador la vida de las personas. <strong>Es en este contexto que en Civic Energy trabajaremos por un futuro m\u00e1s sostenible y energ\u00e9ticamente eficiente en Nou Barris.<\/strong><\/p>\n<p>Estamos muy felices por comenzar este proyecto y trabajar de la mano con la <strong>Comunidad Energ\u00e9tica de 9 Barris.<\/strong> \u00a1Os continuaremos informando sobre los avances y las oportunidades de participar en las diferentes actividades que realizaremos!<\/p>\n\t\t\t\t\t\t\t\t<\/div>\n\t\t\t\t<\/div>\n\t\t\t\t\t<\/div>\n\t\t<\/div>\n\t\t\t\t\t<\/div>\n\t\t<\/section>\n\t\t\t\t<\/div>\n\t\t","protected":false},"excerpt":{"rendered":"<p>Las Comunalitats Urbanes son una iniciativa del Departamento de Empresa y Trabajo que tiene como objetivo fomentar una organizaci\u00f3n m\u00e1s justa de la econom\u00eda. Un programa con diferentes comunalidades en todo el territorio, integradas por empresas, entidades, cooperativas y diversas redes vecinales y de apoyo mutuo. El objetivo principal es crear nuevos proyectos econ\u00f3micos autogestionados [&hellip;]<\/p>\n","protected":false},"author":2,"featured_media":1633,"comment_status":"open","ping_status":"open","sticky":false,"template":"","format":"standard","meta":{"_joinchat":[],"footnotes":""},"categories":[80],"tags":[87,86,82,84,83,85,81,88],"class_list":["post-1667","post","type-post","status-publish","format-standard","has-post-thumbnail","hentry","category-noticias","tag-9-barris-es","tag-agente-energetico","tag-barcelona-es","tag-comunalitat-urbana-9-barris-es","tag-comunidad-energetica","tag-eje-energia","tag-formacion","tag-nou-barris-es"],"yoast_head":"<!-- This site is optimized with the Yoast SEO plugin v24.6 - https:\/\/yoast.com\/wordpress\/plugins\/seo\/ -->\n<title>Civic Energy trabajar\u00e1 el eje de energ\u00eda de la Comunalitat Urbana de 9 Barris! | Civic energy<\/title>\n<meta name=\"description\" content=\"Eje Energ\u00eda Comunalidad Urbana Nou Barris Barcelona\" \/>\n<meta name=\"robots\" content=\"index, follow, max-snippet:-1, max-image-preview:large, max-video-preview:-1\" \/>\n<link rel=\"canonical\" href=\"https:\/\/civicenergy.cat\/es\/civic-energy-trabajara-el-eje-de-energia-de-la-comunalitat-urbana-de-9-barris\/\" \/>\n<meta property=\"og:locale\" content=\"es_ES\" \/>\n<meta property=\"og:type\" content=\"article\" \/>\n<meta property=\"og:title\" content=\"Civic Energy trabajar\u00e1 el eje de energ\u00eda de la Comunalitat Urbana de 9 Barris! | Civic energy\" \/>\n<meta property=\"og:description\" content=\"Eje Energ\u00eda Comunalidad Urbana Nou Barris Barcelona\" \/>\n<meta property=\"og:url\" content=\"https:\/\/civicenergy.cat\/es\/civic-energy-trabajara-el-eje-de-energia-de-la-comunalitat-urbana-de-9-barris\/\" \/>\n<meta property=\"og:site_name\" content=\"Civic energy\" \/>\n<meta property=\"article:published_time\" content=\"2024-06-25T11:44:27+00:00\" \/>\n<meta property=\"article:modified_time\" content=\"2024-07-15T09:36:58+00:00\" \/>\n<meta property=\"og:image\" content=\"https:\/\/civicenergy.cat\/wp-content\/uploads\/2024\/06\/LOGOACRO_02inv03.jpg\" \/>\n\t<meta property=\"og:image:width\" content=\"1003\" \/>\n\t<meta property=\"og:image:height\" content=\"544\" \/>\n\t<meta property=\"og:image:type\" content=\"image\/jpeg\" \/>\n<meta name=\"author\" content=\"carla\" \/>\n<meta name=\"twitter:card\" content=\"summary_large_image\" \/>\n<meta name=\"twitter:label1\" content=\"Escrito por\" \/>\n\t<meta name=\"twitter:data1\" content=\"carla\" \/>\n\t<meta name=\"twitter:label2\" content=\"Tiempo de lectura\" \/>\n\t<meta name=\"twitter:data2\" content=\"2 minutos\" \/>\n<script type=\"application\/ld+json\" class=\"yoast-schema-graph\">{\"@context\":\"https:\/\/schema.org\",\"@graph\":[{\"@type\":\"Article\",\"@id\":\"https:\/\/civicenergy.cat\/es\/civic-energy-trabajara-el-eje-de-energia-de-la-comunalitat-urbana-de-9-barris\/#article\",\"isPartOf\":{\"@id\":\"https:\/\/civicenergy.cat\/es\/civic-energy-trabajara-el-eje-de-energia-de-la-comunalitat-urbana-de-9-barris\/\"},\"author\":{\"name\":\"carla\",\"@id\":\"https:\/\/civicenergy.cat\/es\/#\/schema\/person\/1f6db22733f6d25ea156699114836e06\"},\"headline\":\"Civic Energy trabajar\u00e1 el eje de energ\u00eda de la Comunalitat Urbana de 9 Barris!\",\"datePublished\":\"2024-06-25T11:44:27+00:00\",\"dateModified\":\"2024-07-15T09:36:58+00:00\",\"mainEntityOfPage\":{\"@id\":\"https:\/\/civicenergy.cat\/es\/civic-energy-trabajara-el-eje-de-energia-de-la-comunalitat-urbana-de-9-barris\/\"},\"wordCount\":507,\"commentCount\":0,\"publisher\":{\"@id\":\"https:\/\/civicenergy.cat\/es\/#organization\"},\"image\":{\"@id\":\"https:\/\/civicenergy.cat\/es\/civic-energy-trabajara-el-eje-de-energia-de-la-comunalitat-urbana-de-9-barris\/#primaryimage\"},\"thumbnailUrl\":\"https:\/\/civicenergy.cat\/wp-content\/uploads\/2024\/06\/LOGOACRO_02inv03.jpg\",\"keywords\":[\"9 Barris\",\"Agente energ\u00e9tico\",\"Barcelona\",\"Comunalitat Urbana 9 Barris\",\"Comunidad Energ\u00e9tica\",\"Eje Energ\u00eda\",\"formaci\u00f3n\",\"Nou Barris\"],\"articleSection\":[\"Noticias\"],\"inLanguage\":\"es\",\"potentialAction\":[{\"@type\":\"CommentAction\",\"name\":\"Comment\",\"target\":[\"https:\/\/civicenergy.cat\/es\/civic-energy-trabajara-el-eje-de-energia-de-la-comunalitat-urbana-de-9-barris\/#respond\"]}]},{\"@type\":\"WebPage\",\"@id\":\"https:\/\/civicenergy.cat\/es\/civic-energy-trabajara-el-eje-de-energia-de-la-comunalitat-urbana-de-9-barris\/\",\"url\":\"https:\/\/civicenergy.cat\/es\/civic-energy-trabajara-el-eje-de-energia-de-la-comunalitat-urbana-de-9-barris\/\",\"name\":\"Civic Energy trabajar\u00e1 el eje de energ\u00eda de la Comunalitat Urbana de 9 Barris! | Civic energy\",\"isPartOf\":{\"@id\":\"https:\/\/civicenergy.cat\/es\/#website\"},\"primaryImageOfPage\":{\"@id\":\"https:\/\/civicenergy.cat\/es\/civic-energy-trabajara-el-eje-de-energia-de-la-comunalitat-urbana-de-9-barris\/#primaryimage\"},\"image\":{\"@id\":\"https:\/\/civicenergy.cat\/es\/civic-energy-trabajara-el-eje-de-energia-de-la-comunalitat-urbana-de-9-barris\/#primaryimage\"},\"thumbnailUrl\":\"https:\/\/civicenergy.cat\/wp-content\/uploads\/2024\/06\/LOGOACRO_02inv03.jpg\",\"datePublished\":\"2024-06-25T11:44:27+00:00\",\"dateModified\":\"2024-07-15T09:36:58+00:00\",\"description\":\"Eje Energ\u00eda Comunalidad Urbana Nou Barris Barcelona\",\"breadcrumb\":{\"@id\":\"https:\/\/civicenergy.cat\/es\/civic-energy-trabajara-el-eje-de-energia-de-la-comunalitat-urbana-de-9-barris\/#breadcrumb\"},\"inLanguage\":\"es\",\"potentialAction\":[{\"@type\":\"ReadAction\",\"target\":[\"https:\/\/civicenergy.cat\/es\/civic-energy-trabajara-el-eje-de-energia-de-la-comunalitat-urbana-de-9-barris\/\"]}]},{\"@type\":\"ImageObject\",\"inLanguage\":\"es\",\"@id\":\"https:\/\/civicenergy.cat\/es\/civic-energy-trabajara-el-eje-de-energia-de-la-comunalitat-urbana-de-9-barris\/#primaryimage\",\"url\":\"https:\/\/civicenergy.cat\/wp-content\/uploads\/2024\/06\/LOGOACRO_02inv03.jpg\",\"contentUrl\":\"https:\/\/civicenergy.cat\/wp-content\/uploads\/2024\/06\/LOGOACRO_02inv03.jpg\",\"width\":1003,\"height\":544},{\"@type\":\"BreadcrumbList\",\"@id\":\"https:\/\/civicenergy.cat\/es\/civic-energy-trabajara-el-eje-de-energia-de-la-comunalitat-urbana-de-9-barris\/#breadcrumb\",\"itemListElement\":[{\"@type\":\"ListItem\",\"position\":1,\"name\":\"Portada\",\"item\":\"https:\/\/civicenergy.cat\/es\/civic-energy\/\"},{\"@type\":\"ListItem\",\"position\":2,\"name\":\"Civic Energy trabajar\u00e1 el eje de energ\u00eda de la Comunalitat Urbana de 9 Barris!\"}]},{\"@type\":\"WebSite\",\"@id\":\"https:\/\/civicenergy.cat\/es\/#website\",\"url\":\"https:\/\/civicenergy.cat\/es\/\",\"name\":\"Civic Energy\",\"description\":\"Comunitats energ\u00e8tiques\",\"publisher\":{\"@id\":\"https:\/\/civicenergy.cat\/es\/#organization\"},\"potentialAction\":[{\"@type\":\"SearchAction\",\"target\":{\"@type\":\"EntryPoint\",\"urlTemplate\":\"https:\/\/civicenergy.cat\/es\/?s={search_term_string}\"},\"query-input\":{\"@type\":\"PropertyValueSpecification\",\"valueRequired\":true,\"valueName\":\"search_term_string\"}}],\"inLanguage\":\"es\"},{\"@type\":\"Organization\",\"@id\":\"https:\/\/civicenergy.cat\/es\/#organization\",\"name\":\"civicenergy\",\"url\":\"https:\/\/civicenergy.cat\/es\/\",\"logo\":{\"@type\":\"ImageObject\",\"inLanguage\":\"es\",\"@id\":\"https:\/\/civicenergy.cat\/es\/#\/schema\/logo\/image\/\",\"url\":\"https:\/\/civicenergy.cat\/wp-content\/uploads\/2023\/02\/cropped-Color.png\",\"contentUrl\":\"https:\/\/civicenergy.cat\/wp-content\/uploads\/2023\/02\/cropped-Color.png\",\"width\":994,\"height\":259,\"caption\":\"civicenergy\"},\"image\":{\"@id\":\"https:\/\/civicenergy.cat\/es\/#\/schema\/logo\/image\/\"}},{\"@type\":\"Person\",\"@id\":\"https:\/\/civicenergy.cat\/es\/#\/schema\/person\/1f6db22733f6d25ea156699114836e06\",\"name\":\"carla\",\"image\":{\"@type\":\"ImageObject\",\"inLanguage\":\"es\",\"@id\":\"https:\/\/civicenergy.cat\/es\/#\/schema\/person\/image\/\",\"url\":\"https:\/\/secure.gravatar.com\/avatar\/dfde9d1117258de52e6195f78599a58d?s=96&d=mm&r=g\",\"contentUrl\":\"https:\/\/secure.gravatar.com\/avatar\/dfde9d1117258de52e6195f78599a58d?s=96&d=mm&r=g\",\"caption\":\"carla\"},\"url\":\"https:\/\/civicenergy.cat\/es\/author\/carla\/\"}]}<\/script>\n<!-- \/ Yoast SEO plugin. -->","yoast_head_json":{"title":"Civic Energy trabajar\u00e1 el eje de energ\u00eda de la Comunalitat Urbana de 9 Barris! | Civic energy","description":"Eje Energ\u00eda Comunalidad Urbana Nou Barris Barcelona","robots":{"index":"index","follow":"follow","max-snippet":"max-snippet:-1","max-image-preview":"max-image-preview:large","max-video-preview":"max-video-preview:-1"},"canonical":"https:\/\/civicenergy.cat\/es\/civic-energy-trabajara-el-eje-de-energia-de-la-comunalitat-urbana-de-9-barris\/","og_locale":"es_ES","og_type":"article","og_title":"Civic Energy trabajar\u00e1 el eje de energ\u00eda de la Comunalitat Urbana de 9 Barris! | Civic energy","og_description":"Eje Energ\u00eda Comunalidad Urbana Nou Barris Barcelona","og_url":"https:\/\/civicenergy.cat\/es\/civic-energy-trabajara-el-eje-de-energia-de-la-comunalitat-urbana-de-9-barris\/","og_site_name":"Civic energy","article_published_time":"2024-06-25T11:44:27+00:00","article_modified_time":"2024-07-15T09:36:58+00:00","og_image":[{"width":1003,"height":544,"url":"https:\/\/civicenergy.cat\/wp-content\/uploads\/2024\/06\/LOGOACRO_02inv03.jpg","type":"image\/jpeg"}],"author":"carla","twitter_card":"summary_large_image","twitter_misc":{"Escrito por":"carla","Tiempo de lectura":"2 minutos"},"schema":{"@context":"https:\/\/schema.org","@graph":[{"@type":"Article","@id":"https:\/\/civicenergy.cat\/es\/civic-energy-trabajara-el-eje-de-energia-de-la-comunalitat-urbana-de-9-barris\/#article","isPartOf":{"@id":"https:\/\/civicenergy.cat\/es\/civic-energy-trabajara-el-eje-de-energia-de-la-comunalitat-urbana-de-9-barris\/"},"author":{"name":"carla","@id":"https:\/\/civicenergy.cat\/es\/#\/schema\/person\/1f6db22733f6d25ea156699114836e06"},"headline":"Civic Energy trabajar\u00e1 el eje de energ\u00eda de la Comunalitat Urbana de 9 Barris!","datePublished":"2024-06-25T11:44:27+00:00","dateModified":"2024-07-15T09:36:58+00:00","mainEntityOfPage":{"@id":"https:\/\/civicenergy.cat\/es\/civic-energy-trabajara-el-eje-de-energia-de-la-comunalitat-urbana-de-9-barris\/"},"wordCount":507,"commentCount":0,"publisher":{"@id":"https:\/\/civicenergy.cat\/es\/#organization"},"image":{"@id":"https:\/\/civicenergy.cat\/es\/civic-energy-trabajara-el-eje-de-energia-de-la-comunalitat-urbana-de-9-barris\/#primaryimage"},"thumbnailUrl":"https:\/\/civicenergy.cat\/wp-content\/uploads\/2024\/06\/LOGOACRO_02inv03.jpg","keywords":["9 Barris","Agente energ\u00e9tico","Barcelona","Comunalitat Urbana 9 Barris","Comunidad Energ\u00e9tica","Eje Energ\u00eda","formaci\u00f3n","Nou Barris"],"articleSection":["Noticias"],"inLanguage":"es","potentialAction":[{"@type":"CommentAction","name":"Comment","target":["https:\/\/civicenergy.cat\/es\/civic-energy-trabajara-el-eje-de-energia-de-la-comunalitat-urbana-de-9-barris\/#respond"]}]},{"@type":"WebPage","@id":"https:\/\/civicenergy.cat\/es\/civic-energy-trabajara-el-eje-de-energia-de-la-comunalitat-urbana-de-9-barris\/","url":"https:\/\/civicenergy.cat\/es\/civic-energy-trabajara-el-eje-de-energia-de-la-comunalitat-urbana-de-9-barris\/","name":"Civic Energy trabajar\u00e1 el eje de energ\u00eda de la Comunalitat Urbana de 9 Barris! | Civic energy","isPartOf":{"@id":"https:\/\/civicenergy.cat\/es\/#website"},"primaryImageOfPage":{"@id":"https:\/\/civicenergy.cat\/es\/civic-energy-trabajara-el-eje-de-energia-de-la-comunalitat-urbana-de-9-barris\/#primaryimage"},"image":{"@id":"https:\/\/civicenergy.cat\/es\/civic-energy-trabajara-el-eje-de-energia-de-la-comunalitat-urbana-de-9-barris\/#primaryimage"},"thumbnailUrl":"https:\/\/civicenergy.cat\/wp-content\/uploads\/2024\/06\/LOGOACRO_02inv03.jpg","datePublished":"2024-06-25T11:44:27+00:00","dateModified":"2024-07-15T09:36:58+00:00","description":"Eje Energ\u00eda Comunalidad Urbana Nou Barris Barcelona","breadcrumb":{"@id":"https:\/\/civicenergy.cat\/es\/civic-energy-trabajara-el-eje-de-energia-de-la-comunalitat-urbana-de-9-barris\/#breadcrumb"},"inLanguage":"es","potentialAction":[{"@type":"ReadAction","target":["https:\/\/civicenergy.cat\/es\/civic-energy-trabajara-el-eje-de-energia-de-la-comunalitat-urbana-de-9-barris\/"]}]},{"@type":"ImageObject","inLanguage":"es","@id":"https:\/\/civicenergy.cat\/es\/civic-energy-trabajara-el-eje-de-energia-de-la-comunalitat-urbana-de-9-barris\/#primaryimage","url":"https:\/\/civicenergy.cat\/wp-content\/uploads\/2024\/06\/LOGOACRO_02inv03.jpg","contentUrl":"https:\/\/civicenergy.cat\/wp-content\/uploads\/2024\/06\/LOGOACRO_02inv03.jpg","width":1003,"height":544},{"@type":"BreadcrumbList","@id":"https:\/\/civicenergy.cat\/es\/civic-energy-trabajara-el-eje-de-energia-de-la-comunalitat-urbana-de-9-barris\/#breadcrumb","itemListElement":[{"@type":"ListItem","position":1,"name":"Portada","item":"https:\/\/civicenergy.cat\/es\/civic-energy\/"},{"@type":"ListItem","position":2,"name":"Civic Energy trabajar\u00e1 el eje de energ\u00eda de la Comunalitat Urbana de 9 Barris!"}]},{"@type":"WebSite","@id":"https:\/\/civicenergy.cat\/es\/#website","url":"https:\/\/civicenergy.cat\/es\/","name":"Civic Energy","description":"Comunitats energ\u00e8tiques","publisher":{"@id":"https:\/\/civicenergy.cat\/es\/#organization"},"potentialAction":[{"@type":"SearchAction","target":{"@type":"EntryPoint","urlTemplate":"https:\/\/civicenergy.cat\/es\/?s={search_term_string}"},"query-input":{"@type":"PropertyValueSpecification","valueRequired":true,"valueName":"search_term_string"}}],"inLanguage":"es"},{"@type":"Organization","@id":"https:\/\/civicenergy.cat\/es\/#organization","name":"civicenergy","url":"https:\/\/civicenergy.cat\/es\/","logo":{"@type":"ImageObject","inLanguage":"es","@id":"https:\/\/civicenergy.cat\/es\/#\/schema\/logo\/image\/","url":"https:\/\/civicenergy.cat\/wp-content\/uploads\/2023\/02\/cropped-Color.png","contentUrl":"https:\/\/civicenergy.cat\/wp-content\/uploads\/2023\/02\/cropped-Color.png","width":994,"height":259,"caption":"civicenergy"},"image":{"@id":"https:\/\/civicenergy.cat\/es\/#\/schema\/logo\/image\/"}},{"@type":"Person","@id":"https:\/\/civicenergy.cat\/es\/#\/schema\/person\/1f6db22733f6d25ea156699114836e06","name":"carla","image":{"@type":"ImageObject","inLanguage":"es","@id":"https:\/\/civicenergy.cat\/es\/#\/schema\/person\/image\/","url":"https:\/\/secure.gravatar.com\/avatar\/dfde9d1117258de52e6195f78599a58d?s=96&d=mm&r=g","contentUrl":"https:\/\/secure.gravatar.com\/avatar\/dfde9d1117258de52e6195f78599a58d?s=96&d=mm&r=g","caption":"carla"},"url":"https:\/\/civicenergy.cat\/es\/author\/carla\/"}]}},"_links":{"self":[{"href":"https:\/\/civicenergy.cat\/es\/wp-json\/wp\/v2\/posts\/1667"}],"collection":[{"href":"https:\/\/civicenergy.cat\/es\/wp-json\/wp\/v2\/posts"}],"about":[{"href":"https:\/\/civicenergy.cat\/es\/wp-json\/wp\/v2\/types\/post"}],"author":[{"embeddable":true,"href":"https:\/\/civicenergy.cat\/es\/wp-json\/wp\/v2\/users\/2"}],"replies":[{"embeddable":true,"href":"https:\/\/civicenergy.cat\/es\/wp-json\/wp\/v2\/comments?post=1667"}],"version-history":[{"count":1,"href":"https:\/\/civicenergy.cat\/es\/wp-json\/wp\/v2\/posts\/1667\/revisions"}],"predecessor-version":[{"id":1668,"href":"https:\/\/civicenergy.cat\/es\/wp-json\/wp\/v2\/posts\/1667\/revisions\/1668"}],"wp:featuredmedia":[{"embeddable":true,"href":"https:\/\/civicenergy.cat\/es\/wp-json\/wp\/v2\/media\/1633"}],"wp:attachment":[{"href":"https:\/\/civicenergy.cat\/es\/wp-json\/wp\/v2\/media?parent=1667"}],"wp:term":[{"taxonomy":"category","embeddable":true,"href":"https:\/\/civicenergy.cat\/es\/wp-json\/wp\/v2\/categories?post=1667"},{"taxonomy":"post_tag","embeddable":true,"href":"https:\/\/civicenergy.cat\/es\/wp-json\/wp\/v2\/tags?post=1667"}],"curies":[{"name":"wp","href":"https:\/\/api.w.org\/{rel}","templated":true}]}}